{"id":3602,"date":"2019-09-30T10:19:56","date_gmt":"2019-09-30T08:19:56","guid":{"rendered":"http:\/\/happy-lines.de\/wordpress\/?p=3602"},"modified":"2019-10-01T08:36:50","modified_gmt":"2019-10-01T06:36:50","slug":"sew-together-bag","status":"publish","type":"post","link":"https:\/\/happy-lines.de\/wordpress\/?p=3602","title":{"rendered":"Sew Together Bag"},"content":{"rendered":"<p>Endlich! Endlich habe ich auch eine!<\/p>\n<p><img loading=\"lazy\" decoding=\"async\" class=\"alignnone size-medium wp-image-3612\" src=\"https:\/\/happy-lines.de\/wordpress\/wp-content\/uploads\/2019\/09\/stb5-700x346.jpg\" alt=\"\" width=\"700\" height=\"346\" srcset=\"https:\/\/happy-lines.de\/wordpress\/wp-content\/uploads\/2019\/09\/stb5-700x346.jpg 700w, https:\/\/happy-lines.de\/wordpress\/wp-content\/uploads\/2019\/09\/stb5-768x380.jpg 768w, https:\/\/happy-lines.de\/wordpress\/wp-content\/uploads\/2019\/09\/stb5-1024x507.jpg 1024w\" sizes=\"auto, (max-width: 700px) 100vw, 700px\" \/><\/p>\n<p>Das Schnittmuster schlummerte schon seit mindestens zwei Jahren in meinem Ordner im PC und wartete darauf, endlich umgesetzt zu werden. Den n\u00f6tigen Schubs bekam ich von meiner Freundin Milda, die sich mittlerweile zum Sew- Together- Bag- Profi gemausert hat. Mit stolzen vier Exemplaren hat sie eine Menge Erfahrungen mit dem praktischen T\u00e4schchen und all den T\u00fccken, die das N\u00e4hen mit sich bringt, gesammelt. Und nun hat sie dieses Wissen gerne mir und unserer gemeinsamen Freundin Tina geteilt.<\/p>\n<p><img loading=\"lazy\" decoding=\"async\" class=\"alignnone size-medium wp-image-3611\" src=\"https:\/\/happy-lines.de\/wordpress\/wp-content\/uploads\/2019\/09\/stb4-700x318.jpg\" alt=\"\" width=\"700\" height=\"318\" srcset=\"https:\/\/happy-lines.de\/wordpress\/wp-content\/uploads\/2019\/09\/stb4-700x318.jpg 700w, https:\/\/happy-lines.de\/wordpress\/wp-content\/uploads\/2019\/09\/stb4-768x348.jpg 768w, https:\/\/happy-lines.de\/wordpress\/wp-content\/uploads\/2019\/09\/stb4-1024x465.jpg 1024w\" sizes=\"auto, (max-width: 700px) 100vw, 700px\" \/><\/p>\n<p>Die Anleitung selbst ist in englischer Sprache und an manchen Stellen sehr knapp gehalten. Ich w\u00fcrde mir hier und da ein paar Fotos w\u00fcnschen. Zum Gl\u00fcck gibt es gleich mehrere recht gute Videos bei Youtube f\u00fcr alle, die nicht das Gl\u00fcck haben, eine so erfahrene Lehrerin zu kennen.<\/p>\n<p>Th\u00fcringen hat seit diesem Jahr einen neuen arbeitsfreien Feiertag, den Internationalen Kindertag, der am 20.9. gefeiert wird. Ein perfekter Tag zum N\u00e4hen! Wir trafen uns zu dritt in sch\u00f6ner Runde und machten den Tag kurzerhand zum N\u00e4h- Tag. Wir haben alle drei erwachsene Kinder und konnten den Tag ohne schlechtes Gewissen ganz und gar f\u00fcr uns nutzen. Von der Gastgeberin verw\u00f6hnt, die N\u00e4hmaschinen im sonnigen Wintergarten aufgebaut, mit einem inspirierenden Blick auf einen tollen japanischen Garten, lie\u00df es sich gut n\u00e4hen.<\/p>\n<p><img loading=\"lazy\" decoding=\"async\" class=\"alignnone size-medium wp-image-3610\" src=\"https:\/\/happy-lines.de\/wordpress\/wp-content\/uploads\/2019\/09\/stb3-700x460.jpg\" alt=\"\" width=\"700\" height=\"460\" srcset=\"https:\/\/happy-lines.de\/wordpress\/wp-content\/uploads\/2019\/09\/stb3-700x460.jpg 700w, https:\/\/happy-lines.de\/wordpress\/wp-content\/uploads\/2019\/09\/stb3-768x505.jpg 768w, https:\/\/happy-lines.de\/wordpress\/wp-content\/uploads\/2019\/09\/stb3-1024x673.jpg 1024w\" sizes=\"auto, (max-width: 700px) 100vw, 700px\" \/><\/p>\n<p>Was den N\u00e4h- Aufwand betrifft, habe ich mich ziemlich versch\u00e4tzt! Es gibt sehr viele Einzelschritte, die alle umgesetzt werden wollen. Am Ende des N\u00e4h- Tages waren wir sehr weit gekommen, jedoch nicht ganz fertig geworden. Na ja, ein bisschen quatschen muss man ja schlie\u00dflich auch&#8230;. \ud83d\ude09<\/p>\n<p>Die abschlie\u00dfenden Schritte habe ich dann zu Hause noch vollbracht.<\/p>\n<p><img loading=\"lazy\" decoding=\"async\" class=\"alignnone size-medium wp-image-3613\" src=\"https:\/\/happy-lines.de\/wordpress\/wp-content\/uploads\/2019\/09\/stb6-700x304.jpg\" alt=\"\" width=\"700\" height=\"304\" srcset=\"https:\/\/happy-lines.de\/wordpress\/wp-content\/uploads\/2019\/09\/stb6-700x304.jpg 700w, https:\/\/happy-lines.de\/wordpress\/wp-content\/uploads\/2019\/09\/stb6-768x334.jpg 768w, https:\/\/happy-lines.de\/wordpress\/wp-content\/uploads\/2019\/09\/stb6-1024x445.jpg 1024w\" sizes=\"auto, (max-width: 700px) 100vw, 700px\" \/><\/p>\n<p>Konzipiert ist die Sew- Together- Bag zur Aufbewahrung von N\u00e4h- Utensilien wie Schere, Ma\u00dfband, Nadeln, Rollschneider etc.<\/p>\n<p><img loading=\"lazy\" decoding=\"async\" class=\"alignnone size-medium wp-image-3609\" src=\"https:\/\/happy-lines.de\/wordpress\/wp-content\/uploads\/2019\/09\/stb2-700x587.jpg\" alt=\"\" width=\"700\" height=\"587\" srcset=\"https:\/\/happy-lines.de\/wordpress\/wp-content\/uploads\/2019\/09\/stb2-700x587.jpg 700w, https:\/\/happy-lines.de\/wordpress\/wp-content\/uploads\/2019\/09\/stb2-768x644.jpg 768w, https:\/\/happy-lines.de\/wordpress\/wp-content\/uploads\/2019\/09\/stb2-1024x859.jpg 1024w\" sizes=\"auto, (max-width: 700px) 100vw, 700px\" \/><\/p>\n<p>Durch die drei Innentaschen l\u00e4sst sich das Zubeh\u00f6r sortieren, zwischen den Taschen ist zus\u00e4tzlich Platz. Der lange Rei\u00dfverschluss, der sich \u00fcber die ganze Tasche bis zum Boden spannt, sorgt daf\u00fcr, dass die Tasche nicht v\u00f6llig aufklappt und der Inhalt herausf\u00e4llt. Dabei entstehen auch zwei B\u00f6gen, die wie Griffe verwendet werden k\u00f6nnen.<\/p>\n<p><img loading=\"lazy\" decoding=\"async\" class=\"alignnone size-medium wp-image-3614\" src=\"https:\/\/happy-lines.de\/wordpress\/wp-content\/uploads\/2019\/09\/stb7-700x315.jpg\" alt=\"\" width=\"700\" height=\"315\" srcset=\"https:\/\/happy-lines.de\/wordpress\/wp-content\/uploads\/2019\/09\/stb7-700x315.jpg 700w, https:\/\/happy-lines.de\/wordpress\/wp-content\/uploads\/2019\/09\/stb7-768x345.jpg 768w, https:\/\/happy-lines.de\/wordpress\/wp-content\/uploads\/2019\/09\/stb7-1024x460.jpg 1024w\" sizes=\"auto, (max-width: 700px) 100vw, 700px\" \/><\/p>\n<p>Mein Exemplar werde ich etwas zweckentfremden und meinen Schmink- Kram darin aufbewahren. Bei anderen Kosmetik- Taschen, die nur ein oder zwei Mittelf\u00e4cher haben, liegt das, was ich suche, immer ganz unten. In der Sew- Together- Bag wird nun alles sehr sch\u00f6n \u00fcbersichtlich aufbewahrt!<\/p>\n<p><img loading=\"lazy\" decoding=\"async\" class=\"alignnone size-medium wp-image-3608\" src=\"https:\/\/happy-lines.de\/wordpress\/wp-content\/uploads\/2019\/09\/stb1-700x415.jpg\" alt=\"\" width=\"700\" height=\"415\" srcset=\"https:\/\/happy-lines.de\/wordpress\/wp-content\/uploads\/2019\/09\/stb1-700x415.jpg 700w, https:\/\/happy-lines.de\/wordpress\/wp-content\/uploads\/2019\/09\/stb1-768x456.jpg 768w, https:\/\/happy-lines.de\/wordpress\/wp-content\/uploads\/2019\/09\/stb1-1024x608.jpg 1024w\" sizes=\"auto, (max-width: 700px) 100vw, 700px\" \/><\/p>\n<p>Klar, dass die zweite in Planung ist, oder? \ud83d\ude00<\/p>\n","protected":false},"excerpt":{"rendered":"<p>Endlich! Endlich habe ich auch eine! Das Schnittmuster schlummerte schon seit mindestens zwei Jahren in meinem Ordner im PC und wartete darauf, endlich umgesetzt zu werden. Den n\u00f6tigen Schubs bekam ich von meiner Freundin Milda, die sich mittlerweile zum Sew- &hellip; <a href=\"https:\/\/happy-lines.de\/wordpress\/?p=3602\">Weiterlesen <span class=\"meta-nav\">&rarr;<\/span><\/a><\/p>\n","protected":false},"author":1,"featured_media":0,"comment_status":"open","ping_status":"open","sticky":false,"template":"","format":"standard","meta":{"footnotes":""},"categories":[1],"tags":[47,14],"class_list":["post-3602","post","type-post","status-publish","format-standard","hentry","category-allgemein","tag-modern","tag-taeschchen"],"_links":{"self":[{"href":"https:\/\/happy-lines.de\/wordpress\/index.php?rest_route=\/wp\/v2\/posts\/3602","targetHints":{"allow":["GET"]}}],"collection":[{"href":"https:\/\/happy-lines.de\/wordpress\/index.php?rest_route=\/wp\/v2\/posts"}],"about":[{"href":"https:\/\/happy-lines.de\/wordpress\/index.php?rest_route=\/wp\/v2\/types\/post"}],"author":[{"embeddable":true,"href":"https:\/\/happy-lines.de\/wordpress\/index.php?rest_route=\/wp\/v2\/users\/1"}],"replies":[{"embeddable":true,"href":"https:\/\/happy-lines.de\/wordpress\/index.php?rest_route=%2Fwp%2Fv2%2Fcomments&post=3602"}],"version-history":[{"count":13,"href":"https:\/\/happy-lines.de\/wordpress\/index.php?rest_route=\/wp\/v2\/posts\/3602\/revisions"}],"predecessor-version":[{"id":3622,"href":"https:\/\/happy-lines.de\/wordpress\/index.php?rest_route=\/wp\/v2\/posts\/3602\/revisions\/3622"}],"wp:attachment":[{"href":"https:\/\/happy-lines.de\/wordpress\/index.php?rest_route=%2Fwp%2Fv2%2Fmedia&parent=3602"}],"wp:term":[{"taxonomy":"category","embeddable":true,"href":"https:\/\/happy-lines.de\/wordpress\/index.php?rest_route=%2Fwp%2Fv2%2Fcategories&post=3602"},{"taxonomy":"post_tag","embeddable":true,"href":"https:\/\/happy-lines.de\/wordpress\/index.php?rest_route=%2Fwp%2Fv2%2Ftags&post=3602"}],"curies":[{"name":"wp","href":"https:\/\/api.w.org\/{rel}","templated":true}]}}