{"id":3322,"date":"2018-12-10T18:16:53","date_gmt":"2018-12-10T16:16:53","guid":{"rendered":"http:\/\/happy-lines.de\/wordpress\/?p=3322"},"modified":"2018-12-10T18:16:53","modified_gmt":"2018-12-10T16:16:53","slug":"tannen-im-schnee-fertig","status":"publish","type":"post","link":"https:\/\/happy-lines.de\/wordpress\/?p=3322","title":{"rendered":"Tannen im Schnee fertig"},"content":{"rendered":"<p style=\"text-align: justify;\">Geschafft! Mein Quilt hat seinen ihm zugedachten Platz an der Wand eingenommen und sich zur weihnachtlichen Dekoration gesellt. Leider war es in den letzten Tagen so d\u00fcster, dass kaum ein brauchbares Foto m\u00f6glich war. Da ich kein Profi- Fotograf bin, habe ich nat\u00fcrlich auch nicht das notwendige Equipment, um alles gut auszuleuchten. Heute schien zwischendurch mal ein wenig die Sonne, da habe ich die Chance genutzt.<\/p>\n<p><img loading=\"lazy\" decoding=\"async\" class=\"alignnone size-medium wp-image-3326\" src=\"https:\/\/happy-lines.de\/wordpress\/wp-content\/uploads\/2018\/12\/DSC03623-700x397.jpg\" alt=\"\" width=\"700\" height=\"397\" srcset=\"https:\/\/happy-lines.de\/wordpress\/wp-content\/uploads\/2018\/12\/DSC03623-700x397.jpg 700w, https:\/\/happy-lines.de\/wordpress\/wp-content\/uploads\/2018\/12\/DSC03623-768x436.jpg 768w, https:\/\/happy-lines.de\/wordpress\/wp-content\/uploads\/2018\/12\/DSC03623-1024x581.jpg 1024w\" sizes=\"auto, (max-width: 700px) 100vw, 700px\" \/><\/p>\n<p style=\"text-align: justify;\">Ein bisschen muss er sich noch aush\u00e4ngen, dann passt er perfekt an diese Stelle. Er hat die Ma\u00dfe\u00a0 65X77cm.<\/p>\n<p><img loading=\"lazy\" decoding=\"async\" class=\"alignnone size-medium wp-image-3327\" src=\"https:\/\/happy-lines.de\/wordpress\/wp-content\/uploads\/2018\/12\/DSC03624-700x559.jpg\" alt=\"\" width=\"700\" height=\"559\" srcset=\"https:\/\/happy-lines.de\/wordpress\/wp-content\/uploads\/2018\/12\/DSC03624-700x559.jpg 700w, https:\/\/happy-lines.de\/wordpress\/wp-content\/uploads\/2018\/12\/DSC03624-768x613.jpg 768w, https:\/\/happy-lines.de\/wordpress\/wp-content\/uploads\/2018\/12\/DSC03624-1024x818.jpg 1024w\" sizes=\"auto, (max-width: 700px) 100vw, 700px\" \/><\/p>\n<p>Wie sollte es anders sein: Ein Streifenrand!<\/p>\n<p><img loading=\"lazy\" decoding=\"async\" class=\"alignnone size-medium wp-image-3328\" src=\"https:\/\/happy-lines.de\/wordpress\/wp-content\/uploads\/2018\/12\/IMG_1131-700x546.jpg\" alt=\"\" width=\"700\" height=\"546\" srcset=\"https:\/\/happy-lines.de\/wordpress\/wp-content\/uploads\/2018\/12\/IMG_1131-700x546.jpg 700w, https:\/\/happy-lines.de\/wordpress\/wp-content\/uploads\/2018\/12\/IMG_1131-768x599.jpg 768w, https:\/\/happy-lines.de\/wordpress\/wp-content\/uploads\/2018\/12\/IMG_1131-1024x799.jpg 1024w\" sizes=\"auto, (max-width: 700px) 100vw, 700px\" \/><\/p>\n<p><img loading=\"lazy\" decoding=\"async\" class=\"alignnone size-medium wp-image-3329\" src=\"https:\/\/happy-lines.de\/wordpress\/wp-content\/uploads\/2018\/12\/IMG_1133-700x416.jpg\" alt=\"\" width=\"700\" height=\"416\" srcset=\"https:\/\/happy-lines.de\/wordpress\/wp-content\/uploads\/2018\/12\/IMG_1133-700x416.jpg 700w, https:\/\/happy-lines.de\/wordpress\/wp-content\/uploads\/2018\/12\/IMG_1133-768x456.jpg 768w, https:\/\/happy-lines.de\/wordpress\/wp-content\/uploads\/2018\/12\/IMG_1133-1024x609.jpg 1024w\" sizes=\"auto, (max-width: 700px) 100vw, 700px\" \/><\/p>\n<p>Ich finde, der Quilt und die H\u00e4uschen passen gut zusammen, oder?<\/p>\n<p><img loading=\"lazy\" decoding=\"async\" class=\"alignnone size-medium wp-image-3330\" src=\"https:\/\/happy-lines.de\/wordpress\/wp-content\/uploads\/2018\/12\/DSC03627-700x525.jpg\" alt=\"\" width=\"700\" height=\"525\" srcset=\"https:\/\/happy-lines.de\/wordpress\/wp-content\/uploads\/2018\/12\/DSC03627-700x525.jpg 700w, https:\/\/happy-lines.de\/wordpress\/wp-content\/uploads\/2018\/12\/DSC03627-768x576.jpg 768w, https:\/\/happy-lines.de\/wordpress\/wp-content\/uploads\/2018\/12\/DSC03627-1024x768.jpg 1024w\" sizes=\"auto, (max-width: 700px) 100vw, 700px\" \/><\/p>\n<p>Eine frohe Adventszeit w\u00fcnsche ich allen, die hier mitlesen&#8230;.<\/p>\n<p>&nbsp;<\/p>\n","protected":false},"excerpt":{"rendered":"<p>Geschafft! Mein Quilt hat seinen ihm zugedachten Platz an der Wand eingenommen und sich zur weihnachtlichen Dekoration gesellt. Leider war es in den letzten Tagen so d\u00fcster, dass kaum ein brauchbares Foto m\u00f6glich war. Da ich kein Profi- Fotograf bin, &hellip; <a href=\"https:\/\/happy-lines.de\/wordpress\/?p=3322\">Weiterlesen <span class=\"meta-nav\">&rarr;<\/span><\/a><\/p>\n","protected":false},"author":1,"featured_media":0,"comment_status":"open","ping_status":"open","sticky":false,"template":"","format":"standard","meta":{"footnotes":""},"categories":[1],"tags":[],"class_list":["post-3322","post","type-post","status-publish","format-standard","hentry","category-allgemein"],"_links":{"self":[{"href":"https:\/\/happy-lines.de\/wordpress\/index.php?rest_route=\/wp\/v2\/posts\/3322","targetHints":{"allow":["GET"]}}],"collection":[{"href":"https:\/\/happy-lines.de\/wordpress\/index.php?rest_route=\/wp\/v2\/posts"}],"about":[{"href":"https:\/\/happy-lines.de\/wordpress\/index.php?rest_route=\/wp\/v2\/types\/post"}],"author":[{"embeddable":true,"href":"https:\/\/happy-lines.de\/wordpress\/index.php?rest_route=\/wp\/v2\/users\/1"}],"replies":[{"embeddable":true,"href":"https:\/\/happy-lines.de\/wordpress\/index.php?rest_route=%2Fwp%2Fv2%2Fcomments&post=3322"}],"version-history":[{"count":4,"href":"https:\/\/happy-lines.de\/wordpress\/index.php?rest_route=\/wp\/v2\/posts\/3322\/revisions"}],"predecessor-version":[{"id":3332,"href":"https:\/\/happy-lines.de\/wordpress\/index.php?rest_route=\/wp\/v2\/posts\/3322\/revisions\/3332"}],"wp:attachment":[{"href":"https:\/\/happy-lines.de\/wordpress\/index.php?rest_route=%2Fwp%2Fv2%2Fmedia&parent=3322"}],"wp:term":[{"taxonomy":"category","embeddable":true,"href":"https:\/\/happy-lines.de\/wordpress\/index.php?rest_route=%2Fwp%2Fv2%2Fcategories&post=3322"},{"taxonomy":"post_tag","embeddable":true,"href":"https:\/\/happy-lines.de\/wordpress\/index.php?rest_route=%2Fwp%2Fv2%2Ftags&post=3322"}],"curies":[{"name":"wp","href":"https:\/\/api.w.org\/{rel}","templated":true}]}}