{"id":3008,"date":"2018-05-28T10:24:06","date_gmt":"2018-05-28T08:24:06","guid":{"rendered":"http:\/\/happy-lines.de\/wordpress\/?p=3008"},"modified":"2018-05-28T10:48:22","modified_gmt":"2018-05-28T08:48:22","slug":"bunte-punkte-tasche","status":"publish","type":"post","link":"https:\/\/happy-lines.de\/wordpress\/?p=3008","title":{"rendered":"Bunte- Punkte- Tasche"},"content":{"rendered":"<p style=\"text-align: justify;\">Vor zwei Jahren erwarb ich eine Fertigpackung zu einer Tasche vom &#8222;N\u00e4hzentrum Heidelberg&#8220;. Nun wurde es Zeit, sie endlich zu n\u00e4hen. Es ist eine Crossover- Bag im Kurier- Stil aus beschichtetem Stoff.<\/p>\n<p style=\"text-align: justify;\">Die Anleitung war gut nachzuarbeiten, wenn auch etwas knapp verfasst. So h\u00e4tte ich mir eine kurze Erl\u00e4uterung zum Anbringen des Steck- Verschlusses gew\u00fcnscht. Es gab z.B. auch keinen Hinweis zum mitgelieferten kleinen St\u00fcck Aufb\u00fcgel- Vlies. Ich habe geschlussfolgert, dass das es zum Unterb\u00fcgeln unter den Verschluss dient.\u00a0 Es w\u00e4re ung\u00fcnstig, wenn man das erst dann begreift, wenn man die Wende- \u00d6ffnung schon geschlossen oder gar die Tasche schon abgesteppt hat. Letztendlich habe ich es zum Gl\u00fcck geahnt und auch so hinbekommen.<\/p>\n<p><img loading=\"lazy\" decoding=\"async\" class=\"size-medium wp-image-3018 aligncenter\" src=\"https:\/\/happy-lines.de\/wordpress\/wp-content\/uploads\/2018\/05\/DSC03130-394x700.jpg\" alt=\"\" width=\"394\" height=\"700\" srcset=\"https:\/\/happy-lines.de\/wordpress\/wp-content\/uploads\/2018\/05\/DSC03130-394x700.jpg 394w, https:\/\/happy-lines.de\/wordpress\/wp-content\/uploads\/2018\/05\/DSC03130-577x1024.jpg 577w, https:\/\/happy-lines.de\/wordpress\/wp-content\/uploads\/2018\/05\/DSC03130.jpg 676w\" sizes=\"auto, (max-width: 394px) 100vw, 394px\" \/><\/p>\n<p style=\"text-align: justify;\">Die Fertigpackung enthielt bereits auf das Zuschnittma\u00df vorgeschnittene Teile f\u00fcr Au\u00dfen- und Innentasche, es mussten nur noch Aussparungen f\u00fcr die Seitenfl\u00e4che eingeschnitten werden. Und da begann das Dilemma&#8230;.<\/p>\n<p style=\"text-align: justify;\">Da die Stoffe bereits die in der Anleitung vorgegebene Breite hatten, habe ich es nicht gewagt, diese nochmals schmaler zu schneiden (was wahrscheinlich gar kein Problem gewesen w\u00e4re), um das Muster mittig hinzubekommen. Somit liegen meine Punkte- Reihen jetzt etwas au\u00dferhalb der Mitte, was durch den Steck- Verschluss nat\u00fcrlich besonders auff\u00e4llt. Vielleicht h\u00e4tte ich den Mut aufbringen sollen???<\/p>\n<p style=\"text-align: justify;\">Andererseits finde ich, dass man schon erwarten kann, dass dies ber\u00fccksichtigt wird, wenn ein Shop eine Fertigpackung mit Endma\u00dfen anbietet, oder? Bei anderen Mustern w\u00e4re es sicher nicht oder weniger aufgefallen, bei streng grafischen aber schon! Nun muss ich eben damit leben!<\/p>\n<p><img loading=\"lazy\" decoding=\"async\" class=\"size-medium wp-image-3019 aligncenter\" src=\"https:\/\/happy-lines.de\/wordpress\/wp-content\/uploads\/2018\/05\/DSC03131-525x700.jpg\" alt=\"\" width=\"525\" height=\"700\" srcset=\"https:\/\/happy-lines.de\/wordpress\/wp-content\/uploads\/2018\/05\/DSC03131-525x700.jpg 525w, https:\/\/happy-lines.de\/wordpress\/wp-content\/uploads\/2018\/05\/DSC03131-768x1024.jpg 768w, https:\/\/happy-lines.de\/wordpress\/wp-content\/uploads\/2018\/05\/DSC03131.jpg 900w\" sizes=\"auto, (max-width: 525px) 100vw, 525px\" \/><\/p>\n<p style=\"text-align: justify;\">Ansonsten ist die Tasche sch\u00f6n leicht, durch die beschichteten Stoffe wasserdicht, eine perfekte Regentasche also! Der Stoff erinnert mich etwas an die Regenm\u00e4ntel meiner Kindheit. Er riecht auch so!<\/p>\n<p><img loading=\"lazy\" decoding=\"async\" class=\"size-medium wp-image-3020 aligncenter\" src=\"https:\/\/happy-lines.de\/wordpress\/wp-content\/uploads\/2018\/05\/DSC03134-513x700.jpg\" alt=\"\" width=\"513\" height=\"700\" srcset=\"https:\/\/happy-lines.de\/wordpress\/wp-content\/uploads\/2018\/05\/DSC03134-513x700.jpg 513w, https:\/\/happy-lines.de\/wordpress\/wp-content\/uploads\/2018\/05\/DSC03134-768x1048.jpg 768w, https:\/\/happy-lines.de\/wordpress\/wp-content\/uploads\/2018\/05\/DSC03134-750x1024.jpg 750w, https:\/\/happy-lines.de\/wordpress\/wp-content\/uploads\/2018\/05\/DSC03134.jpg 879w\" sizes=\"auto, (max-width: 513px) 100vw, 513px\" \/><\/p>\n<p style=\"text-align: justify;\">Im Inneren befindet sich keine weitere Tasche oder Teilung. Es passt ein ganzer dicker Ordner rein!<\/p>\n<p><img loading=\"lazy\" decoding=\"async\" class=\"alignnone size-medium wp-image-3022\" src=\"https:\/\/happy-lines.de\/wordpress\/wp-content\/uploads\/2018\/05\/DSC03136-700x474.jpg\" alt=\"\" width=\"700\" height=\"474\" srcset=\"https:\/\/happy-lines.de\/wordpress\/wp-content\/uploads\/2018\/05\/DSC03136-700x474.jpg 700w, https:\/\/happy-lines.de\/wordpress\/wp-content\/uploads\/2018\/05\/DSC03136-768x520.jpg 768w, https:\/\/happy-lines.de\/wordpress\/wp-content\/uploads\/2018\/05\/DSC03136-1024x693.jpg 1024w, https:\/\/happy-lines.de\/wordpress\/wp-content\/uploads\/2018\/05\/DSC03136.jpg 1200w\" sizes=\"auto, (max-width: 700px) 100vw, 700px\" \/><\/p>\n<p style=\"text-align: justify;\">Der Steck- Verschluss ist richtig praktisch und sicher. Der Tragegurt ist in der L\u00e4nge verstellbar. Besonders h\u00fcbsch finde ich die Schnalle zum Verstellen. Die runde Form passt gut zum Muster. Das Material hat\u00a0 sich etwas schwieriger verarbeiten lassen als normaler Stoff, da es stark haftet, selbst mit Teflon- F\u00fc\u00dfchen.<\/p>\n<p><img loading=\"lazy\" decoding=\"async\" class=\"size-medium wp-image-3021 aligncenter\" src=\"https:\/\/happy-lines.de\/wordpress\/wp-content\/uploads\/2018\/05\/DSC03135-525x700.jpg\" alt=\"\" width=\"525\" height=\"700\" srcset=\"https:\/\/happy-lines.de\/wordpress\/wp-content\/uploads\/2018\/05\/DSC03135-525x700.jpg 525w, https:\/\/happy-lines.de\/wordpress\/wp-content\/uploads\/2018\/05\/DSC03135-768x1024.jpg 768w, https:\/\/happy-lines.de\/wordpress\/wp-content\/uploads\/2018\/05\/DSC03135.jpg 900w\" sizes=\"auto, (max-width: 525px) 100vw, 525px\" \/><\/p>\n<p style=\"text-align: justify;\">Trotz der kleinen Wermuts- Tropfen bin ich zufrieden mit dem Ergebnis. An einem Regentag werde ich die Tasche zusammen mit meinem blauen Regenmantel ausf\u00fchren. Die beiden passen (farblich) wirklich gut zusammen! Und zu vielen anderen Farben passt sie ja auch&#8230;.<\/p>\n<p><img loading=\"lazy\" decoding=\"async\" class=\"size-medium wp-image-3036 aligncenter\" src=\"https:\/\/happy-lines.de\/wordpress\/wp-content\/uploads\/2018\/05\/DSC03137-474x700.jpg\" alt=\"\" width=\"474\" height=\"700\" srcset=\"https:\/\/happy-lines.de\/wordpress\/wp-content\/uploads\/2018\/05\/DSC03137-474x700.jpg 474w, https:\/\/happy-lines.de\/wordpress\/wp-content\/uploads\/2018\/05\/DSC03137-768x1135.jpg 768w, https:\/\/happy-lines.de\/wordpress\/wp-content\/uploads\/2018\/05\/DSC03137-693x1024.jpg 693w, https:\/\/happy-lines.de\/wordpress\/wp-content\/uploads\/2018\/05\/DSC03137.jpg 812w\" sizes=\"auto, (max-width: 474px) 100vw, 474px\" \/><\/p>\n","protected":false},"excerpt":{"rendered":"<p>Vor zwei Jahren erwarb ich eine Fertigpackung zu einer Tasche vom &#8222;N\u00e4hzentrum Heidelberg&#8220;. Nun wurde es Zeit, sie endlich zu n\u00e4hen. Es ist eine Crossover- Bag im Kurier- Stil aus beschichtetem Stoff. Die Anleitung war gut nachzuarbeiten, wenn auch etwas &hellip; <a href=\"https:\/\/happy-lines.de\/wordpress\/?p=3008\">Weiterlesen <span class=\"meta-nav\">&rarr;<\/span><\/a><\/p>\n","protected":false},"author":1,"featured_media":0,"comment_status":"open","ping_status":"open","sticky":false,"template":"","format":"standard","meta":{"footnotes":""},"categories":[1],"tags":[18],"class_list":["post-3008","post","type-post","status-publish","format-standard","hentry","category-allgemein","tag-tasche"],"_links":{"self":[{"href":"https:\/\/happy-lines.de\/wordpress\/index.php?rest_route=\/wp\/v2\/posts\/3008","targetHints":{"allow":["GET"]}}],"collection":[{"href":"https:\/\/happy-lines.de\/wordpress\/index.php?rest_route=\/wp\/v2\/posts"}],"about":[{"href":"https:\/\/happy-lines.de\/wordpress\/index.php?rest_route=\/wp\/v2\/types\/post"}],"author":[{"embeddable":true,"href":"https:\/\/happy-lines.de\/wordpress\/index.php?rest_route=\/wp\/v2\/users\/1"}],"replies":[{"embeddable":true,"href":"https:\/\/happy-lines.de\/wordpress\/index.php?rest_route=%2Fwp%2Fv2%2Fcomments&post=3008"}],"version-history":[{"count":24,"href":"https:\/\/happy-lines.de\/wordpress\/index.php?rest_route=\/wp\/v2\/posts\/3008\/revisions"}],"predecessor-version":[{"id":3038,"href":"https:\/\/happy-lines.de\/wordpress\/index.php?rest_route=\/wp\/v2\/posts\/3008\/revisions\/3038"}],"wp:attachment":[{"href":"https:\/\/happy-lines.de\/wordpress\/index.php?rest_route=%2Fwp%2Fv2%2Fmedia&parent=3008"}],"wp:term":[{"taxonomy":"category","embeddable":true,"href":"https:\/\/happy-lines.de\/wordpress\/index.php?rest_route=%2Fwp%2Fv2%2Fcategories&post=3008"},{"taxonomy":"post_tag","embeddable":true,"href":"https:\/\/happy-lines.de\/wordpress\/index.php?rest_route=%2Fwp%2Fv2%2Ftags&post=3008"}],"curies":[{"name":"wp","href":"https:\/\/api.w.org\/{rel}","templated":true}]}}